{"id":1396,"global_id":"waldorfschule-ingolstadt.de?id=1396","global_id_lineage":["waldorfschule-ingolstadt.de?id=1396"],"author":"3","status":"publish","date":"2019-07-22 11:36:59","date_utc":"2019-07-22 09:36:59","modified":"2019-07-22 11:37:00","modified_utc":"2019-07-22 09:37:00","url":"https:\/\/waldorfschule-ingolstadt.de\/?tribe_events=aktiventreffen-interessierte-sind-herzlich-willkommen","rest_url":"https:\/\/waldorfschule-ingolstadt.de\/index.php?rest_route=\/tribe\/events\/v1\/events\/1396","title":"Aktiventreffen (Interessierte sind herzlich willkommen)","description":"<div  class=\"tribe-events-schedule tribe-clearfix\" >\n\t<p class=\"tribe-events-schedule__datetime\">\n\t\t<span class=\"tribe-events-schedule__date tribe-events-schedule__date--start\">\n\t\t\t\t\t<\/span>\n\n\t\t\t\t\t<span class=\"tribe-events-schedule__separator tribe-events-schedule__separator--date\">\n\t\t\t\t @ \t\t\t<\/span>\n\t\t\t<span class=\"tribe-events-schedule__time tribe-events-schedule__time--start\">\n\t\t\t\t\t\t\t<\/span>\n\t\t\n\t\t\t<\/p>\n<\/div>\n\n\n\n<p>Das n\u00e4chste Aktiventreffen findet am Samstag, den 21. September 2019 <span style=\"color: #ff9900;\">um 17 Uhr im Waldorfkindergarten Ingolstadt<\/span> (Westliche Ringstra\u00dfe 28) statt.<\/p>\n\n\n\n<p>Beim Aktiventreffen handelt es sich um ein regelm\u00e4\u00dfiges Arbeitstreffen des Vereins, bei dem Anthroposophisches, Organisatorisches und Schritte zur Gr\u00fcndung einer Waldorfschule besprochen werden.<\/p>\n\n\n\n<blockquote class=\"wp-block-quote is-layout-flow wp-block-quote-is-layout-flow\"><p>Sich selbst erschaffend stets,\n<br>Wird Seelensein sich selbst gewahr; \n<br>Der Weltengeist, er strebet fort \n<br>In Selbsterkenntnis neu belebt \n<br>Und schafft aus Seelenfinsternis \n<br>Des Selbstsinns Willensfrucht.<\/p><cite> Anthroposophischer Seelenkalender von Rudolf Steiner, Wochenspruch 24<\/cite><\/blockquote>\n\n\n<div  class=\"tribe-block tribe-block__organizer__details tribe-clearfix\" >\n\t<div class=\"tribe-block__organizer__title\">\n\t\t<h3>F\u00f6rderverein Waldorfschule Ingolstadt e.V.<\/h3>\n\t<\/div>\n\t\t\t\t<p class=\"tribe-block__organizer__website\"><a href=\"http:\/\/waldorfschule-ingolstadt.de\" target=\"_blank\" rel=\"noopener noreferrer\">Veranstalter-Website anzeigen<\/a><\/p>\n\t\t\t\t<p class=\"tribe-block__organizer__email\">k&#111;n&#116;akt&#064;wal&#100;o&#114;fs&#099;h&#117;l&#101;&#045;i&#110;&#103;&#111;l&#115;&#116;ad&#116;.d&#101;<\/p>\n\t<\/div>\n\n\n\n<h4 class=\"wp-block-heading\">Waldorfkindergarten Ingolstadt<\/h4>\n\n\n\n<p> Westliche Ringstra\u00dfe 28<br> 85049 Ingolstadt<br><a rel=\"noreferrer noopener\" href=\"https:\/\/maps.google.com\/maps?f=q&amp;source=s_q&amp;geocode=&amp;q=Ingolstadt%2C%20Westliche%20Ringstra%C3%9Fe%2028%2C%20Bayern%2C%2085049%2C%20Deutschland\" target=\"_blank\">+ Google Map<\/a><\/p>\n\n\n\n<p>waldorfkindergarten-ingolstadt.de <\/p>\n\n\n\t<div  class=\"tribe-block tribe-block__events-link\" >\n\t\t<div class=\"tribe-events tribe-common\">\n\t\t\t<div class=\"tribe-events-c-subscribe-dropdown__container\">\n\t\t\t\t<div class=\"tribe-events-c-subscribe-dropdown\">\n\t\t\t\t\t<div class=\"tribe-common-c-btn-border tribe-events-c-subscribe-dropdown__button\">\n\t\t\t\t\t\t<svg\n\t class=\"tribe-common-c-svgicon tribe-common-c-svgicon--cal-export tribe-events-c-subscribe-dropdown__export-icon\" \taria-hidden=\"true\"\n\tviewBox=\"0 0 23 17\"\n\txmlns=\"http:\/\/www.w3.org\/2000\/svg\"\n>\n\t<path fill-rule=\"evenodd\" clip-rule=\"evenodd\" d=\"M.128.896V16.13c0 .211.145.383.323.383h15.354c.179 0 .323-.172.323-.383V.896c0-.212-.144-.383-.323-.383H.451C.273.513.128.684.128.896Zm16 6.742h-.901V4.679H1.009v10.729h14.218v-3.336h.901V7.638ZM1.01 1.614h14.218v2.058H1.009V1.614Z\" \/>\n\t<path d=\"M20.5 9.846H8.312M18.524 6.953l2.89 2.909-2.855 2.855\" stroke-width=\"1.2\" stroke-linecap=\"round\" stroke-linejoin=\"round\"\/>\n<\/svg>\n\t\t\t\t\t\t<button\n\t\t\t\t\t\t\tclass=\"tribe-events-c-subscribe-dropdown__button-text\"\n\t\t\t\t\t\t\taria-expanded=\"false\"\n\t\t\t\t\t\t\taria-controls=\"tribe-events-subscribe-dropdown-content\"\n\t\t\t\t\t\t\taria-label=\"Zeige Links an um Veranstaltungen zu deinem Kalender hinzuzuf\u00fcgen\"\n\t\t\t\t\t\t>\n\t\t\t\t\t\t\tZum Kalender hinzuf\u00fcgen\t\t\t\t\t\t<\/button>\n\t\t\t\t\t\t<svg\n\t class=\"tribe-common-c-svgicon tribe-common-c-svgicon--caret-down tribe-events-c-subscribe-dropdown__button-icon\" \taria-hidden=\"true\"\n\tviewBox=\"0 0 10 7\"\n\txmlns=\"http:\/\/www.w3.org\/2000\/svg\"\n>\n\t<path fill-rule=\"evenodd\" clip-rule=\"evenodd\" d=\"M1.008.609L5 4.6 8.992.61l.958.958L5 6.517.05 1.566l.958-.958z\" class=\"tribe-common-c-svgicon__svg-fill\"\/>\n<\/svg>\n\t\t\t\t\t<\/div>\n\t\t\t\t\t<div id=\"tribe-events-subscribe-dropdown-content\" class=\"tribe-events-c-subscribe-dropdown__content\">\n\t\t\t\t\t\t<ul class=\"tribe-events-c-subscribe-dropdown__list\">\n\t\t\t\t\t\t\t\t\t\t\t\t\t\t\t<li class=\"tribe-events-c-subscribe-dropdown__list-item tribe-events-c-subscribe-dropdown__list-item--gcal\">\n\t\t\t\t\t\t\t\t\t<a\n\t\t\t\t\t\t\t\t\t\thref=\"\"\n\t\t\t\t\t\t\t\t\t\tclass=\"tribe-events-c-subscribe-dropdown__list-item-link\"\n\t\t\t\t\t\t\t\t\t\ttarget=\"_blank\"\n\t\t\t\t\t\t\t\t\t\trel=\"noopener noreferrer nofollow noindex\"\n\t\t\t\t\t\t\t\t\t>\n\t\t\t\t\t\t\t\t\t\tGoogle Kalender\t\t\t\t\t\t\t\t\t<\/a>\n\t\t\t\t\t\t\t\t<\/li>\n\t\t\t\t\t\t\t\t\t\t\t\t\t\t\t<li class=\"tribe-events-c-subscribe-dropdown__list-item tribe-events-c-subscribe-dropdown__list-item--ical\">\n\t\t\t\t\t\t\t\t\t<a\n\t\t\t\t\t\t\t\t\t\thref=\"\"\n\t\t\t\t\t\t\t\t\t\tclass=\"tribe-events-c-subscribe-dropdown__list-item-link\"\n\t\t\t\t\t\t\t\t\t\ttarget=\"_blank\"\n\t\t\t\t\t\t\t\t\t\trel=\"noopener noreferrer nofollow noindex\"\n\t\t\t\t\t\t\t\t\t>\n\t\t\t\t\t\t\t\t\t\tiCalendar\t\t\t\t\t\t\t\t\t<\/a>\n\t\t\t\t\t\t\t\t<\/li>\n\t\t\t\t\t\t\t\t\t\t\t\t\t\t\t<li class=\"tribe-events-c-subscribe-dropdown__list-item tribe-events-c-subscribe-dropdown__list-item--outlook-365\">\n\t\t\t\t\t\t\t\t\t<a\n\t\t\t\t\t\t\t\t\t\thref=\"\"\n\t\t\t\t\t\t\t\t\t\tclass=\"tribe-events-c-subscribe-dropdown__list-item-link\"\n\t\t\t\t\t\t\t\t\t\ttarget=\"_blank\"\n\t\t\t\t\t\t\t\t\t\trel=\"noopener noreferrer nofollow noindex\"\n\t\t\t\t\t\t\t\t\t>\n\t\t\t\t\t\t\t\t\t\tOutlook 365\t\t\t\t\t\t\t\t\t<\/a>\n\t\t\t\t\t\t\t\t<\/li>\n\t\t\t\t\t\t\t\t\t\t\t\t\t\t\t<li class=\"tribe-events-c-subscribe-dropdown__list-item tribe-events-c-subscribe-dropdown__list-item--outlook-live\">\n\t\t\t\t\t\t\t\t\t<a\n\t\t\t\t\t\t\t\t\t\thref=\"\"\n\t\t\t\t\t\t\t\t\t\tclass=\"tribe-events-c-subscribe-dropdown__list-item-link\"\n\t\t\t\t\t\t\t\t\t\ttarget=\"_blank\"\n\t\t\t\t\t\t\t\t\t\trel=\"noopener noreferrer nofollow noindex\"\n\t\t\t\t\t\t\t\t\t>\n\t\t\t\t\t\t\t\t\t\tOutlook Live\t\t\t\t\t\t\t\t\t<\/a>\n\t\t\t\t\t\t\t\t<\/li>\n\t\t\t\t\t\t\t\t\t\t\t\t\t<\/ul>\n\t\t\t\t\t<\/div>\n\t\t\t\t<\/div>\n\t\t\t<\/div>\n\t\t<\/div>\n\t<\/div>\n\n\n\n\n<p><\/p>","excerpt":"","slug":"aktiventreffen-interessierte-sind-herzlich-willkommen","image":false,"all_day":false,"start_date":"2019-09-21 17:00:00","start_date_details":{"year":"2019","month":"09","day":"21","hour":"17","minutes":"00","seconds":"00"},"end_date":"2019-09-21 19:00:00","end_date_details":{"year":"2019","month":"09","day":"21","hour":"19","minutes":"00","seconds":"00"},"utc_start_date":"2019-09-21 15:00:00","utc_start_date_details":{"year":"2019","month":"09","day":"21","hour":"15","minutes":"00","seconds":"00"},"utc_end_date":"2019-09-21 17:00:00","utc_end_date_details":{"year":"2019","month":"09","day":"21","hour":"17","minutes":"00","seconds":"00"},"timezone":"Europe\/Berlin","timezone_abbr":"","cost":"","cost_details":{"currency_symbol":"","currency_code":"","currency_position":"","values":[]},"website":"https:\/\/waldorfschule-ingolstadt.de\/?tribe_events=aktiventreffen-interessierte-sind-herzlich-willkommen","show_map":true,"show_map_link":true,"hide_from_listings":false,"sticky":false,"featured":false,"categories":[],"tags":[],"venue":[],"organizer":[{"id":1345,"author":"3","status":"publish","date":"2019-05-28 20:02:38","date_utc":"2019-05-28 18:02:38","modified":"2019-05-28 20:34:33","modified_utc":"2019-05-28 18:34:33","url":"https:\/\/waldorfschule-ingolstadt.de\/?tribe_organizer=foerderverein-waldorfschule-ingolstadt-e-v","organizer":"F\u00f6rderverein Waldorfschule Ingolstadt e.V.","slug":"foerderverein-waldorfschule-ingolstadt-e-v","website":"waldorfschule-ingolstadt.de","email":"kontakt@waldorfschule-ingolstadt.de","json_ld":{"@type":"Person","name":"F\u00f6rderverein Waldorfschule Ingolstadt e.V.","description":"","url":"http:\/\/waldorfschule-ingolstadt.de","telephone":"","email":"&#107;on&#116;a&#107;t&#64;&#119;&#97;&#108;d&#111;rf&#115;&#99;&#104;&#117;l&#101;&#45;in&#103;o&#108;s&#116;adt.d&#101;","sameAs":"http:\/\/waldorfschule-ingolstadt.de"},"global_id":"waldorfschule-ingolstadt.de?id=1345","global_id_lineage":["waldorfschule-ingolstadt.de?id=1345"]}],"custom_fields":[],"json_ld":{"@context":"http:\/\/schema.org","@type":"Event","name":"Aktiventreffen (Interessierte sind herzlich willkommen)","description":"&lt;p&gt;Das n\u00e4chste Aktiventreffen findet am Samstag, den 21. September 2019 um 17 Uhr im Waldorfkindergarten Ingolstadt (Westliche Ringstra\u00dfe 28) statt. Sich selbst erschaffend stets, Wird Seelensein sich selbst gewahr; Der [&hellip;]&lt;\/p&gt;\\n","url":"https:\/\/waldorfschule-ingolstadt.de\/?tribe_events=aktiventreffen-interessierte-sind-herzlich-willkommen","eventAttendanceMode":"https:\/\/schema.org\/OfflineEventAttendanceMode","eventStatus":"https:\/\/schema.org\/EventScheduled","startDate":"2019-09-21T17:00:00+02:00","endDate":"2019-09-21T19:00:00+02:00","organizer":{"@type":"Person","name":"F\u00f6rderverein Waldorfschule Ingolstadt e.V.","description":"","url":"http:\/\/waldorfschule-ingolstadt.de","telephone":"","email":"ko&#110;&#116;&#97;k&#116;&#64;&#119;&#97;&#108;do&#114;&#102;&#115;&#99;hu&#108;e-&#105;&#110;go&#108;&#115;t&#97;dt&#46;d&#101;","sameAs":"http:\/\/waldorfschule-ingolstadt.de"},"performer":"Organization"}}