{"id":513,"date":"2013-03-14T11:08:05","date_gmt":"2013-03-14T09:08:05","guid":{"rendered":"http:\/\/waldorfschule-ingolstadt.de\/wordpress\/?p=513"},"modified":"2016-10-27T11:08:25","modified_gmt":"2016-10-27T09:08:25","slug":"14-maerz-2013","status":"publish","type":"post","link":"https:\/\/waldorfschule-ingolstadt.de\/?p=513","title":{"rendered":"14. M\u00e4rz 2013"},"content":{"rendered":"<p><strong>Nachlese zum M\u00e4rz-Vortrag: &#8222;<b>Mitte der Kindheit &#8211; Umbruch und Aufbruch<\/b>&#8222;<\/strong><\/p>\n<p>Im kleinen Kreis berichtete gestern Abend Herr A. Clausen, Klassenleher der Rudolf-Steiner-Schule N\u00fcrnberg, \u00fcber einen besonderen Zeitraum in der Entwicklung der Kinder. Es ging um die sogenannte &#8222;Mitte der Kindheit&#8220;, die um das 9. Lebensjahr gesehen wird und nach waldorfp\u00e4dagogischen Gesichtspunkten eine starke Ver\u00e4nderung in den Kindern bewirkt, bevor dann am Ende des &#8222;zweiten Jahrsiebts&#8220;, also um das 14. Lebensjahr, mit der Pubert\u00e4t die Verwandlung zum Erwachsensein eingeleitet wird. Anhand von vielen Beispielen aus dem Erfahrungsschatz seines Klassenlehrerdaseins und Literaturzitaten hielt Herr Clausen einen lebendigen und sehr schl\u00fcssigen Vortrag, der bei den Anwesenden das Verst\u00e4ndnis f\u00fcr die Entwicklungsstufen der Kinder einf\u00fchlsam erweitert hat. Vielen Dank Herr Clausen.<br \/>\n<strong><br \/>\nBuchtip zum Vortrag:<\/strong>\u00a0&#8222;Das neunte Lebensjahr&#8220; von Hermann Koepke, ISBN 3-7235-0342-X, Philosophisch-Anthroposophischer Verlag, Goetheanum, Dornach\/Schweiz<\/p>\n","protected":false},"excerpt":{"rendered":"<p>Nachlese zum M\u00e4rz-Vortrag: &#8222;Mitte der Kindheit &#8211; Umbruch und Aufbruch&#8222; Im kleinen Kreis berichtete gestern Abend Herr A. Clausen, Klassenleher der Rudolf-Steiner-Schule N\u00fcrnberg, \u00fcber einen besonderen Zeitraum in der Entwicklung [&hellip;]<\/p>\n","protected":false},"author":1,"featured_media":0,"comment_status":"closed","ping_status":"open","sticky":false,"template":"","format":"standard","meta":{"_EventAllDay":false,"_EventTimezone":"","_EventStartDate":"","_EventEndDate":"","_EventStartDateUTC":"","_EventEndDateUTC":"","_EventShowMap":false,"_EventShowMapLink":false,"_EventURL":"","_EventCost":"","_EventCostDescription":"","_EventCurrencySymbol":"","_EventCurrencyCode":"","_EventCurrencyPosition":"","_EventDateTimeSeparator":"","_EventTimeRangeSeparator":"","_EventOrganizerID":[],"_EventVenueID":[],"_OrganizerEmail":"","_OrganizerPhone":"","_OrganizerWebsite":"","_VenueAddress":"","_VenueCity":"","_VenueCountry":"","_VenueProvince":"","_VenueState":"","_VenueZip":"","_VenuePhone":"","_VenueURL":"","_VenueStateProvince":"","_VenueLat":"","_VenueLng":"","_VenueShowMap":false,"_VenueShowMapLink":false,"footnotes":""},"categories":[3],"tags":[],"class_list":["post-513","post","type-post","status-publish","format-standard","hentry","category-vortraege"],"_links":{"self":[{"href":"https:\/\/waldorfschule-ingolstadt.de\/index.php?rest_route=\/wp\/v2\/posts\/513","targetHints":{"allow":["GET"]}}],"collection":[{"href":"https:\/\/waldorfschule-ingolstadt.de\/index.php?rest_route=\/wp\/v2\/posts"}],"about":[{"href":"https:\/\/waldorfschule-ingolstadt.de\/index.php?rest_route=\/wp\/v2\/types\/post"}],"author":[{"embeddable":true,"href":"https:\/\/waldorfschule-ingolstadt.de\/index.php?rest_route=\/wp\/v2\/users\/1"}],"replies":[{"embeddable":true,"href":"https:\/\/waldorfschule-ingolstadt.de\/index.php?rest_route=%2Fwp%2Fv2%2Fcomments&post=513"}],"version-history":[{"count":1,"href":"https:\/\/waldorfschule-ingolstadt.de\/index.php?rest_route=\/wp\/v2\/posts\/513\/revisions"}],"predecessor-version":[{"id":514,"href":"https:\/\/waldorfschule-ingolstadt.de\/index.php?rest_route=\/wp\/v2\/posts\/513\/revisions\/514"}],"wp:attachment":[{"href":"https:\/\/waldorfschule-ingolstadt.de\/index.php?rest_route=%2Fwp%2Fv2%2Fmedia&parent=513"}],"wp:term":[{"taxonomy":"category","embeddable":true,"href":"https:\/\/waldorfschule-ingolstadt.de\/index.php?rest_route=%2Fwp%2Fv2%2Fcategories&post=513"},{"taxonomy":"post_tag","embeddable":true,"href":"https:\/\/waldorfschule-ingolstadt.de\/index.php?rest_route=%2Fwp%2Fv2%2Ftags&post=513"}],"curies":[{"name":"wp","href":"https:\/\/api.w.org\/{rel}","templated":true}]}}