{"id":521,"date":"2013-01-27T11:13:15","date_gmt":"2013-01-27T09:13:15","guid":{"rendered":"http:\/\/waldorfschule-ingolstadt.de\/wordpress\/?p=521"},"modified":"2016-10-27T11:14:46","modified_gmt":"2016-10-27T09:14:46","slug":"27-januar-2013","status":"publish","type":"post","link":"https:\/\/waldorfschule-ingolstadt.de\/?p=521","title":{"rendered":"27. Januar 2013"},"content":{"rendered":"<p>Ein kleiner Ausschnitt aus unserem Lesekreis heute:<\/p>\n<p>Rudolf Steiner ist es ein gro\u00dfes Anliegen, zu erkl\u00e4ren, wie Kinder in ihrer geistig seelischen Entwicklung gef\u00f6rdert werden k\u00f6nnen:<\/p>\n<p><i>\u201eUnd das Kind hat alles, was es braucht, blo\u00df dadurch, dass wir selbst nicht sagen: Wir sind gescheit und das Kind ist dumm -, sondern dass wir sagen: Das Kind hat seinen gescheiten Geist durch die Geburt in die Welt gebracht. Das Kind ist gescheit. Der Geist ist nur noch nicht erweckt. Wenn wir ihn nicht erwecken k\u00f6nnen, sind wir die Dummen, nicht das Kind.\u201c<br \/>\n<\/i><span class=\"info\">(Steiner 1922, zweiter Vortrag \u00fcber die geistig-seelischen Grundkr\u00e4fte der Erziehungskunst)<\/span><\/p>\n<p>Heute \u00fcberzeugte uns besonders, Steiners bedingungsloses Vertrauen in die geistigen Kr\u00e4fte der Kinder, die es zu wecken und zu pflegen gelte und seine gro\u00dfe Sensibilit\u00e4t f\u00fcr Kinder und deren Erkenntnisf\u00e4higkeit. Erkenntnisse von der Welt erlangen Kinder nach Steiner weniger \u00fcber abstraktes Wissen, denn \u00fcber den sinnlichen Nachvollzug lebendiger sprechender Bilder.<\/p>\n<p>N\u00e4chster Lesekreis ist am 17. Februar:\u00a0<a href=\"http:\/\/doodle.com\/43dkw7aigknpidnk\" target=\"_blank\"><img loading=\"lazy\" decoding=\"async\" src=\"http:\/\/waldorfschule-ingolstadt.de\/bilder\/doodle.gif\" alt=\"doodle\" width=\"20\" height=\"20\" \/><\/a><\/p>\n<p><a href=\"http:\/\/www.amazon.de\/Die-geistig-seelischen-Grundkr%C3%A4fte-Erziehungskunst-Eurythmieauff%C3%BChrungen\/dp\/3727460415\/ref=sr_1_1?ie=UTF8&amp;qid=1351443936&amp;sr=8-1\" target=\"_blank\"><img loading=\"lazy\" decoding=\"async\" class=\"aktuellesbild alignleft\" src=\"http:\/\/waldorfschule-ingolstadt.de\/bilder\/20121028_steiner.jpg\" alt=\"Rudolf Steiner: Die geistig-seelischen Grundkr\u00e4fte der Erziehungskunst\" width=\"200\" height=\"208\" align=\"right\" \/><\/a><\/p>\n","protected":false},"excerpt":{"rendered":"<p>Ein kleiner Ausschnitt aus unserem Lesekreis heute: Rudolf Steiner ist es ein gro\u00dfes Anliegen, zu erkl\u00e4ren, wie Kinder in ihrer geistig seelischen Entwicklung gef\u00f6rdert werden k\u00f6nnen: \u201eUnd das Kind hat [&hellip;]<\/p>\n","protected":false},"author":1,"featured_media":0,"comment_status":"closed","ping_status":"open","sticky":false,"template":"","format":"standard","meta":{"_EventAllDay":false,"_EventTimezone":"","_EventStartDate":"","_EventEndDate":"","_EventStartDateUTC":"","_EventEndDateUTC":"","_EventShowMap":false,"_EventShowMapLink":false,"_EventURL":"","_EventCost":"","_EventCostDescription":"","_EventCurrencySymbol":"","_EventCurrencyCode":"","_EventCurrencyPosition":"","_EventDateTimeSeparator":"","_EventTimeRangeSeparator":"","_EventOrganizerID":[],"_EventVenueID":[],"_OrganizerEmail":"","_OrganizerPhone":"","_OrganizerWebsite":"","_VenueAddress":"","_VenueCity":"","_VenueCountry":"","_VenueProvince":"","_VenueState":"","_VenueZip":"","_VenuePhone":"","_VenueURL":"","_VenueStateProvince":"","_VenueLat":"","_VenueLng":"","_VenueShowMap":false,"_VenueShowMapLink":false,"footnotes":""},"categories":[1],"tags":[],"class_list":["post-521","post","type-post","status-publish","format-standard","hentry","category-allgemein"],"_links":{"self":[{"href":"https:\/\/waldorfschule-ingolstadt.de\/index.php?rest_route=\/wp\/v2\/posts\/521","targetHints":{"allow":["GET"]}}],"collection":[{"href":"https:\/\/waldorfschule-ingolstadt.de\/index.php?rest_route=\/wp\/v2\/posts"}],"about":[{"href":"https:\/\/waldorfschule-ingolstadt.de\/index.php?rest_route=\/wp\/v2\/types\/post"}],"author":[{"embeddable":true,"href":"https:\/\/waldorfschule-ingolstadt.de\/index.php?rest_route=\/wp\/v2\/users\/1"}],"replies":[{"embeddable":true,"href":"https:\/\/waldorfschule-ingolstadt.de\/index.php?rest_route=%2Fwp%2Fv2%2Fcomments&post=521"}],"version-history":[{"count":1,"href":"https:\/\/waldorfschule-ingolstadt.de\/index.php?rest_route=\/wp\/v2\/posts\/521\/revisions"}],"predecessor-version":[{"id":522,"href":"https:\/\/waldorfschule-ingolstadt.de\/index.php?rest_route=\/wp\/v2\/posts\/521\/revisions\/522"}],"wp:attachment":[{"href":"https:\/\/waldorfschule-ingolstadt.de\/index.php?rest_route=%2Fwp%2Fv2%2Fmedia&parent=521"}],"wp:term":[{"taxonomy":"category","embeddable":true,"href":"https:\/\/waldorfschule-ingolstadt.de\/index.php?rest_route=%2Fwp%2Fv2%2Fcategories&post=521"},{"taxonomy":"post_tag","embeddable":true,"href":"https:\/\/waldorfschule-ingolstadt.de\/index.php?rest_route=%2Fwp%2Fv2%2Ftags&post=521"}],"curies":[{"name":"wp","href":"https:\/\/api.w.org\/{rel}","templated":true}]}}